{"id":83,"date":"2016-04-22T21:42:42","date_gmt":"2016-04-22T19:42:42","guid":{"rendered":"http:\/\/eulederminerva.de\/hilsenrath\/?p=83"},"modified":"2016-12-30T01:24:55","modified_gmt":"2016-12-30T00:24:55","slug":"french-edition-le-retour-au-pays-de-jossel-wassermann","status":"publish","type":"post","link":"https:\/\/eulederminerva.de\/hilsenrath\/french-edition-le-retour-au-pays-de-jossel-wassermann\/","title":{"rendered":"French edition: Le Retour au pays de Jossel Wassermann"},"content":{"rendered":"<p><a href=\"http:\/\/le-tripode.net\/livre\/edgar-hilsenrath\/le-retour-au-pays-de-jossel-wassermann\" rel=\"attachment wp-att-224\"><img loading=\"lazy\" decoding=\"async\" class=\"aligncenter size-full wp-image-224\" style=\"border: 0px solid #000000;\" src=\"http:\/\/eulederminerva.de\/hilsenrath\/wp-content\/uploads\/sites\/3\/2016\/12\/e7z6_9782370550897_1.jpg\" alt=\"e7z6_9782370550897_1\" width=\"571\" height=\"818\" \/><\/a><\/p>\n<h1>Le Retour au pays de Jossel Wassermann<\/h1>\n<p id=\"auteur_dessinateur\">Edgar Hilsenrath<\/p>\n<div id=\"page\">\n<p>La guerre. Un froid glacial s\u2019est abattu sur le village de Pohodna. Les habitants juifs de ce shtetl ont re\u00e7u l\u2019ordre de rejoindre le wagon qui les attend \u00e0 la gare. \u00c0 l\u2019int\u00e9rieur, oubliant l\u2019obscurit\u00e9 et la crainte, le rabbin confie \u00e0 l\u2019esprit du vent\u00a0: \u00ab\u00a0Les goys sont stupides. En ce moment ils pillent nos maisons. Et ils creusent le sol de nos jardins. Et ils croient que nous avons laiss\u00e9 l\u00e0-bas tout ce que nous poss\u00e9dions. Et ils rient dans leur barbe. Mais ils ne savent pas que nous avons emport\u00e9 le meilleur.\u00a0\u00bb \u00ab\u00a0Et c\u2019est quoi, le meilleur\u00a0?\u00a0\u00bb demande le vent. Et le rabbin de r\u00e9pondre : \u00ab\u00a0Notre histoire. Elle, nous l\u2019avons emport\u00e9e avec nous.\u00a0\u00bb<\/p>\n<p>Pour ceux qui admirent les romans d\u2019Edgar Hilsenrath,\u00a0<em>Le Retour au pays de Jossel Wasserman<\/em>\u00a0appara\u00eetra comme un nouveau chef-d\u2019\u0153uvre. Sur son lit de mort, Jossel Wassermann raconte les p\u00e9rip\u00e9ties, c\u00e9l\u00e9brations, joies et mis\u00e8res d\u2019une famille haute en couleurs, depuis son installation dans les\u00a0<em>shtetls<\/em>, ces petites communaut\u00e9s juives \u00e9parpill\u00e9es dans l\u2019Est de l\u2019Europe, r\u00e9duites \u00e0 n\u00e9ant par la seconde guerre mondiale. Texte tardif dans l\u2019\u0153uvre d\u2019Hilsenrath, il est peut-\u00eatre le plus \u00e9mouvant de tous par sa douceur et son humble dr\u00f4lerie, son d\u00e9sir de faire revivre un monde qui a berc\u00e9 l\u2019enfance et l\u2019imaginaire d\u2019un auteur d\u00e9sormais culte. Cette nouvelle \u00e9dition, dans une traduction revue par Chantal Philippe, para\u00eet \u00e0 l\u2019occasion des 90 ans d\u2019Edgar Hilsenrath.<\/p>\n<p><a href=\"http:\/\/le-tripode.net\/livre\/edgar-hilsenrath\/le-retour-au-pays-de-jossel-wassermann\">http:\/\/le-tripode.net\/livre\/edgar-hilsenrath\/le-retour-au-pays-de-jossel-wassermann<\/a><\/p>\n<p>\u2013 TeamEH<\/p>\n<\/div>\n","protected":false},"excerpt":{"rendered":"<p>Le Retour au pays de Jossel Wassermann Edgar Hilsenrath La guerre. Un froid glacial s\u2019est abattu sur le village de Pohodna. Les habitants juifs de ce shtetl ont re\u00e7u l\u2019ordre de rejoindre le wagon qui les attend \u00e0 la gare. \u00c0 l\u2019int\u00e9rieur, oubliant l\u2019obscurit\u00e9 et la crainte, le rabbin confie \u00e0 l\u2019esprit du vent\u00a0: \u00ab\u00a0Les [&hellip;]<\/p>\n","protected":false},"author":1,"featured_media":0,"comment_status":"closed","ping_status":"open","sticky":false,"template":"","format":"standard","meta":{"sfsi_plus_gutenberg_text_before_share":"","sfsi_plus_gutenberg_show_text_before_share":"","sfsi_plus_gutenberg_icon_type":"","sfsi_plus_gutenberg_icon_alignemt":"","sfsi_plus_gutenburg_max_per_row":"","footnotes":""},"categories":[5],"tags":[],"class_list":["post-83","post","type-post","status-publish","format-standard","hentry","category-aktuelles","post-preview"],"_links":{"self":[{"href":"https:\/\/eulederminerva.de\/hilsenrath\/wp-json\/wp\/v2\/posts\/83","targetHints":{"allow":["GET"]}}],"collection":[{"href":"https:\/\/eulederminerva.de\/hilsenrath\/wp-json\/wp\/v2\/posts"}],"about":[{"href":"https:\/\/eulederminerva.de\/hilsenrath\/wp-json\/wp\/v2\/types\/post"}],"author":[{"embeddable":true,"href":"https:\/\/eulederminerva.de\/hilsenrath\/wp-json\/wp\/v2\/users\/1"}],"replies":[{"embeddable":true,"href":"https:\/\/eulederminerva.de\/hilsenrath\/wp-json\/wp\/v2\/comments?post=83"}],"version-history":[{"count":1,"href":"https:\/\/eulederminerva.de\/hilsenrath\/wp-json\/wp\/v2\/posts\/83\/revisions"}],"predecessor-version":[{"id":84,"href":"https:\/\/eulederminerva.de\/hilsenrath\/wp-json\/wp\/v2\/posts\/83\/revisions\/84"}],"wp:attachment":[{"href":"https:\/\/eulederminerva.de\/hilsenrath\/wp-json\/wp\/v2\/media?parent=83"}],"wp:term":[{"taxonomy":"category","embeddable":true,"href":"https:\/\/eulederminerva.de\/hilsenrath\/wp-json\/wp\/v2\/categories?post=83"},{"taxonomy":"post_tag","embeddable":true,"href":"https:\/\/eulederminerva.de\/hilsenrath\/wp-json\/wp\/v2\/tags?post=83"}],"curies":[{"name":"wp","href":"https:\/\/api.w.org\/{rel}","templated":true}]}}