{"id":449,"date":"2018-10-19T14:32:15","date_gmt":"2018-10-19T12:32:15","guid":{"rendered":"http:\/\/eulederminerva.de\/hilsenrath\/?p=449"},"modified":"2019-03-01T11:13:48","modified_gmt":"2019-03-01T10:13:48","slug":"vorankuendigung-katja-riemanns-literarisch-musikalische-begegnung-mit-edgar-hilsenrath-und-kurt-weill","status":"publish","type":"post","link":"https:\/\/eulederminerva.de\/hilsenrath\/vorankuendigung-katja-riemanns-literarisch-musikalische-begegnung-mit-edgar-hilsenrath-und-kurt-weill\/","title":{"rendered":"Vorank\u00fcndigung: Katja Riemanns literarisch-musikalische Begegnung mit Edgar Hilsenrath und Kurt Weill"},"content":{"rendered":"<div id=\"attachment_411\" style=\"width: 310px\" class=\"wp-caption alignright\"><a href=\"http:\/\/eulederminerva.de\/hilsenrath\/wp-content\/uploads\/sites\/3\/2018\/09\/Katja1.jpg\"><img loading=\"lazy\" decoding=\"async\" aria-describedby=\"caption-attachment-411\" class=\"wp-image-411 size-medium\" style=\"border: 0px solid #000000;\" src=\"http:\/\/eulederminerva.de\/hilsenrath\/wp-content\/uploads\/sites\/3\/2018\/09\/Katja1-300x225.jpg\" alt=\"\" width=\"300\" height=\"225\" srcset=\"https:\/\/eulederminerva.de\/hilsenrath\/wp-content\/uploads\/sites\/3\/2018\/09\/Katja1-300x225.jpg 300w, https:\/\/eulederminerva.de\/hilsenrath\/wp-content\/uploads\/sites\/3\/2018\/09\/Katja1-768x576.jpg 768w, https:\/\/eulederminerva.de\/hilsenrath\/wp-content\/uploads\/sites\/3\/2018\/09\/Katja1-1024x768.jpg 1024w, https:\/\/eulederminerva.de\/hilsenrath\/wp-content\/uploads\/sites\/3\/2018\/09\/Katja1-600x450.jpg 600w, https:\/\/eulederminerva.de\/hilsenrath\/wp-content\/uploads\/sites\/3\/2018\/09\/Katja1-676x507.jpg 676w\" sizes=\"auto, (max-width: 300px) 100vw, 300px\" \/><\/a><p id=\"caption-attachment-411\" class=\"wp-caption-text\">Edgar Hilsenrath&nbsp;mit <a href=\"http:\/\/www.katja-riemann.de\/\" target=\"_blank\" rel=\"noopener\">Katja Riemann<\/a><\/p><\/div>\n<p>Terminank\u00fcndigung f\u00fcr alle Fans von&nbsp;Katja Riemann:&nbsp;Am 05.03.2019 veranstaltet Katja Riemann, eine der erfolgreichsten Schauspielerinnen in Deutschland, im Rahmen des <em>Kurt Weill Fests<\/em> eine&nbsp;Lesung mit musikalischer Begleitung aus Edgar Hilsenraths&nbsp;<a href=\"http:\/\/doi.org\/10.4444\/10.6.de\"><em>Das M\u00e4rchen vom letzten Gedanken<\/em><\/a>.<\/p>\n<blockquote><p>Dienstag | 05.03.2019<br \/>\n20:00 Uhr, Konzert im&nbsp;Anhaltischen Theater Dessau<\/p>\n<p><strong>Das M\u00e4rchen vom&nbsp;letzten Gedanken<\/strong><br \/>\n<strong>Katja Riemanns literarisch-musikalische Begegnung<\/strong><br \/>\n<strong>mit Edgar Hilsenrath und Kurt Weill<\/strong><\/p>\n<p><em>Lesung und Konzept: Katja Riemann<\/em><br \/>\n<em>Klavier: Guillaume de Chassy<\/em><br \/>\n<em>Visuals: Paula Riemann<\/em><\/p>\n<p>Katja Riemann geh\u00f6rt zu den erfolgreichsten Schauspielerinnen ihrer Generation. In ihrem Programm f\u00fcr das Kurt Weill Fest r\u00fcckt sie neben Kurt Weill einen bedeutenden deutschen j\u00fcdischen Schriftsteller in den Fokus des Abends: Edgar Hilsenrath. 1926 geboren und in Halle (Saale) aufgewachsen, floh Hilsenrath 1938 nach Rum\u00e4nien, wurde in ein Ghetto verschleppt und gelangte befreit nach Pal\u00e4stina und New York. Seit 1975 lebt er wieder in Deutschland. Werke wie <em>Nacht<\/em> oder <em>Der Nazi &amp; der Friseur<\/em> umkreisen die grausamen Erlebnisse des Ghettos, <em>Das M\u00e4rchen vom letzten Gedanken<\/em> rechnet mit dem V\u00f6lkermord an den Armeniern ab. Katja Riemann stellt dazu fest: \u201eDer Genozid an den Armeniern wird bis heute von t\u00fcrkischer Politik nicht zugegeben. Es war der erste Genozid des 20. Jahrhunderts und die Nazis haben sich einiges daran abgeguckt. Spricht man von Genozid, spricht man auch immer vom Holocaust. Weill und Hilsenrath, beides S\u00f6hne j\u00fcdischer M\u00fctter, haben Deutschland rechtzeitig verlassen.\u201c<\/p>\n<p>\u201eWeill und Hilsenrath haben sich nie kennen gelernt, obwohl sie zu gleicher Zeit in New York lebten. In diesem Abend nun lassen wir sie sich begegnen, und ich glaube, sie h\u00e4tten Freude aneinander gehabt. Der Abend wird performative K\u00fcnste miteinander verweben: Literatur, Film und Schauspiel. Die Musik von Weill, sei es klassisch, score, Lied oder Song wird improvisiert vom franz\u00f6sischen Jazzpianisten Guillaume de Chassy zu der B\u00fchnen- und Filmsituation, in der wir uns mit der Grausamkeit und Absurdit\u00e4t von Willk\u00fcr, Machtmissbrauch und Korruption besch\u00e4ftigen, eindringlich erz\u00e4hlt von einem gro\u00dfen deutschen M\u00e4rchenerz\u00e4hler, der noch lebt und den wir ehren sollten, solange es noch geht\u201c, schreibt Katja Riemann zu ihrem Programm.<\/p><\/blockquote>\n<ul>\n<li><a href=\"https:\/\/www.kurt-weill-fest.de\/pages_d\/kwf_2_0_11_0.html\" target=\"_blank\" rel=\"noopener\">Link zur offiziellen Ank\u00fcndigung<\/a><\/li>\n<li><a href=\"http:\/\/eulederminerva.de\/hilsenrath\/begegnung-mit-katja-riemann\/\" target=\"_blank\" rel=\"noopener\">Fotos und Videos mit Katja Riemann<\/a><\/li>\n<li>Webseite zu <a href=\"http:\/\/doi.org\/10.4444\/10.6.de\" target=\"_blank\" rel=\"noopener\"><em>Das M\u00e4rchen vom letzten Gedanken<\/em><\/a><\/li>\n<\/ul>\n<p>\u2013 TeamEH<\/p>\n","protected":false},"excerpt":{"rendered":"<p>Terminank\u00fcndigung f\u00fcr alle Fans von&nbsp;Katja Riemann:&nbsp;Am 05.03.2019 veranstaltet Katja Riemann, eine der erfolgreichsten Schauspielerinnen in Deutschland, im Rahmen des Kurt Weill Fests eine&nbsp;Lesung mit musikalischer Begleitung aus Edgar Hilsenraths&nbsp;Das M\u00e4rchen vom letzten Gedanken. Dienstag | 05.03.2019 20:00 Uhr, Konzert im&nbsp;Anhaltischen Theater Dessau Das M\u00e4rchen vom&nbsp;letzten Gedanken Katja Riemanns literarisch-musikalische Begegnung mit Edgar Hilsenrath und Kurt [&hellip;]<\/p>\n","protected":false},"author":1,"featured_media":0,"comment_status":"closed","ping_status":"open","sticky":false,"template":"","format":"standard","meta":{"sfsi_plus_gutenberg_text_before_share":"","sfsi_plus_gutenberg_show_text_before_share":"","sfsi_plus_gutenberg_icon_type":"","sfsi_plus_gutenberg_icon_alignemt":"","sfsi_plus_gutenburg_max_per_row":"","footnotes":""},"categories":[5],"tags":[],"class_list":["post-449","post","type-post","status-publish","format-standard","hentry","category-aktuelles","post-preview"],"_links":{"self":[{"href":"https:\/\/eulederminerva.de\/hilsenrath\/wp-json\/wp\/v2\/posts\/449","targetHints":{"allow":["GET"]}}],"collection":[{"href":"https:\/\/eulederminerva.de\/hilsenrath\/wp-json\/wp\/v2\/posts"}],"about":[{"href":"https:\/\/eulederminerva.de\/hilsenrath\/wp-json\/wp\/v2\/types\/post"}],"author":[{"embeddable":true,"href":"https:\/\/eulederminerva.de\/hilsenrath\/wp-json\/wp\/v2\/users\/1"}],"replies":[{"embeddable":true,"href":"https:\/\/eulederminerva.de\/hilsenrath\/wp-json\/wp\/v2\/comments?post=449"}],"version-history":[{"count":11,"href":"https:\/\/eulederminerva.de\/hilsenrath\/wp-json\/wp\/v2\/posts\/449\/revisions"}],"predecessor-version":[{"id":496,"href":"https:\/\/eulederminerva.de\/hilsenrath\/wp-json\/wp\/v2\/posts\/449\/revisions\/496"}],"wp:attachment":[{"href":"https:\/\/eulederminerva.de\/hilsenrath\/wp-json\/wp\/v2\/media?parent=449"}],"wp:term":[{"taxonomy":"category","embeddable":true,"href":"https:\/\/eulederminerva.de\/hilsenrath\/wp-json\/wp\/v2\/categories?post=449"},{"taxonomy":"post_tag","embeddable":true,"href":"https:\/\/eulederminerva.de\/hilsenrath\/wp-json\/wp\/v2\/tags?post=449"}],"curies":[{"name":"wp","href":"https:\/\/api.w.org\/{rel}","templated":true}]}}